{"id":950,"date":"2025-04-08T10:17:00","date_gmt":"2025-04-08T10:17:00","guid":{"rendered":"https:\/\/albanisch-lernen.com\/?p=950"},"modified":"2025-04-20T15:56:54","modified_gmt":"2025-04-20T15:56:54","slug":"dita-e-veres","status":"publish","type":"post","link":"https:\/\/albanisch-lernen.com\/en\/dita-e-veres\/","title":{"rendered":"Dita e Ver\u00ebs und Fli: Fr\u00fchlingsfest und Tradition der Albaner"},"content":{"rendered":"<p><em>14.03.2025, Adrian Kuqi, Lesezeit: 7 Minuten<\/em><\/p>\n\n\n\n<h5 class=\"wp-block-heading\">Einleitung<\/h5>\n\n\n\n<p>Der Dita e Ver\u00ebs ist eines der \u00e4ltesten und beliebtesten Feste des albanischen Volkes. Er wird jedes Jahr am 14. M\u00e4rz gefeiert und symbolisiert den Beginn des Fr\u00fchlings, des neuen Lebens und der Erneuerung. Das Fest hat seine Wurzeln in der paganischen Tradition der Illyrer und wird heute in ganz Albanien und teilweise auch im Kosovo mit traditionellen Speisen, Musik und Festlichkeiten begangen.<\/p>\n\n\n\n<p>Der albanische Dita e Ver\u00ebs reiht sich in die lange Tradition heidnischer Fr\u00fchlingsfeste ein, die in vielen Kulturen den Wechsel der Jahreszeiten feiern. \u00c4hnlich wie das keltische Beltane, das germanische Ostara und das persische Nouruz markiert es den Sieg des Lichts \u00fcber die Dunkelheit und den Neubeginn der Natur. Feuer spielt in vielen dieser Feste eine zentrale Rolle \u2013 als Symbol f\u00fcr Reinigung, Schutz und Erneuerung. Auch die Tradition, H\u00e4user mit frischem Gr\u00fcn und Blumen zu schm\u00fccken, erinnert an alte Fr\u00fchlingsrituale in Europa und Asien, bei denen die Natur als Quelle des Lebens geehrt wurde. Diese Parallelen zeigen, dass der Wunsch nach Erneuerung, Fruchtbarkeit und Gl\u00fcck ein universelles menschliches Bed\u00fcrfnis ist \u2013 unabh\u00e4ngig von Zeit und Ort.<\/p>\n\n\n\n<p>Ein wichtiger Bestandteil dieses Festes ist die Fli, ein einzigartiges albanisches Gericht, das in keiner Feier fehlen darf. Fli ist ein mehrschichtiger Teigfladen, der mit Butter bestrichen und langsam in einem traditionellen Ofen gebacken wird.<\/p>\n\n\n\n<p>In diesem Artikel tauchen wir in die Geschichte und Bedeutung des Dita e Ver\u00ebs ein und entdecken das k\u00f6stliche Gericht Fli, das diesen besonderen Tag noch magischer macht.<\/p>\n\n\n\n<p><strong>\u2e3b<\/strong><\/p>\n\n\n\n<h5 class=\"wp-block-heading\"><strong>1. Was ist der Dita e Ver\u00ebs?<\/strong><\/h5>\n\n\n\n<p>Dita e Ver\u00ebs (w\u00f6rtlich: \u201eTag des Sommers\u201c) ist ein albanisches Fr\u00fchlingsfest, das traditionell am 14. M\u00e4rz gefeiert wird. Obwohl der Name \u201eSommertag\u201c bedeutet, markiert das Fest eigentlich den \u00dcbergang vom Winter zum Fr\u00fchling.<\/p>\n\n\n\n<p><strong>Herkunft und Bedeutung:<\/strong><br>\u2022 Heidnische Wurzeln: Das Fest stammt aus der illyrischen Antike, als die Menschen die Natur und den Kreislauf des Lebens verehrten.<br>\u2022 G\u00f6ttin Vera \/ Diana: In der illyrischen Mythologie soll das Fest mit der G\u00f6ttin Vera bzw. Diana, der Schutzpatronin der Sonne und der Fruchtbarkeit, verbunden gewesen sein.<br>\u2022 Symbol der Erneuerung: Der Dita e Ver\u00ebs wird als Tag des Lichts, der Freude und des Neuanfangs gefeiert.<\/p>\n\n\n\n<p><strong>Wie wird Dita e Ver\u00ebs gefeiert?<\/strong><br>\u2022 Traditionelle Speisen: Fli, Ballokume (s\u00fc\u00dfes Maismehlgeb\u00e4ck), frische Eier und N\u00fcsse.<br>\u2022 Feuer und R\u00e4ucherwerk: In einigen Regionen springen Menschen \u00fcber kleine Feuer, um sich von b\u00f6sen Geistern zu reinigen.<br>\u2022&nbsp;Blumen und Natur: Familien verbringen den Tag im Freien und genie\u00dfen die ersten Sonnenstrahlen.<br>\u2022 Musik und Tanz: Besonders in Elbasan, wo das Fest am st\u00e4rksten gefeiert wird, gibt es gro\u00dfe Stra\u00dfenfeste mit Volksmusik.<\/p>\n\n\n\n<p><strong>Warum ist der Dita e Ver\u00ebs besonders f\u00fcr Albanien wichtig?<\/strong><br>\u2022 Es ist ein Fest, das die Einheit und Freude der Menschen symbolisiert.<br>\u2022 Es erinnert an die vorchristliche Geschichte der Albaner.<br>\u2022 Es markiert den Fr\u00fchling als Neubeginn \u2013 sowohl symbolisch als auch real.<\/p>\n\n\n\n<p>Obwohl das Fest in ganz Albanien zelebriert wird, ist es in der Stadt Elbasan besonders wichtig, da es dort seit Jahrhunderten ununterbrochen gefeiert wird.<\/p>\n\n\n\n<p><strong>\u2e3b<\/strong><\/p>\n\n\n\n<h5 class=\"wp-block-heading\"><strong>2. Die vier Phasen des Festes<\/strong>&nbsp;<\/h5>\n\n\n\n<p>Das heidnische Fest hat seine eigenen Rituale, die vermutlich seit \u00fcber 24 Jahrhunderten von Generation zu Generation weitergegeben werden. W\u00e4hrend die Feierlichkeiten fr\u00fcher der G\u00f6ttin Diana gewidmet waren, stehen sie heute f\u00fcr ein gl\u00fcckliches, liebevolles und wohlhabendes Leben.<\/p>\n\n\n\n<p><strong>Das Fest wird in vier Phasen unterteilt:<\/strong><br>1) Die erste Phase ist die Vorbereitung, in der die notwendigen Vorr\u00e4te f\u00fcr das Fest gesammelt werden.<br>2) Die zweite Phase beginnt in der Nacht vom 13. M\u00e4rz mit dem Entz\u00fcnden eines Feuers.<br>3) Die dritte Phase ist der Morgen des 14. M\u00e4rz, an dem das eigentliche Fest beginnt.<br>4) Die vierte Phase ist das gemeinsame Picknick am Mittag desselben Tages.<\/p>\n\n\n\n<p>Am Vorabend des Festes herrscht in jedem Haus eine besondere Freude \u2013 eine sp\u00fcrbare, fast magische Atmosph\u00e4re. Vielleicht liegt es am Einfluss der Sonne, dem frischen Gr\u00fcn oder den aufbrechenden Knospen, die f\u00fcr Wachstum und Wohlstand stehen.<\/p>\n\n\n\n<p>Die H\u00e4user werden mit reichlich Essen gef\u00fcllt, und die Eing\u00e4nge mit Blumen und gr\u00fcnen Zweigen geschm\u00fcckt, die Gl\u00fcck und Natur ins Haus bringen sollen. In dieser Nacht kommen Familienmitglieder, Freunde und G\u00e4ste aus verschiedenen Gegenden zusammen. Sie singen alte Lieder und genie\u00dfen die ber\u00fchmte K\u00fcche von Elbasan. Traditionelle Gerichte, die man sonst kaum findet, sind \u201eTava me pistil\u201c, \u201eTava e kosit\u201c, \u201eKabunia\u201c, \u201e\u00c7omlek\u201c, Truthahn und viele weitere Spezialit\u00e4ten.<\/p>\n\n\n\n<p>Auch wird bereits ein Teil des Essens f\u00fcr den n\u00e4chsten Tag vorbereitet, um mit den engsten Verwandten geteilt zu werden.<\/p>\n\n\n\n<p>Der Morgen des 14. M\u00e4rz ist gepr\u00e4gt von Freude und Feierlichkeit. Die Menschen in Elbasan stehen fr\u00fch auf und \u00f6ffnen voller Hoffnung ihre T\u00fcren \u2013 damit das Gute eintreten und alles Schlechte verschwinden kann.<\/p>\n\n\n\n<p><strong>\u2e3b<\/strong><\/p>\n\n\n\n<h5 class=\"wp-block-heading\"><strong>3. Fli \u2013 Das traditionelle Gericht des Dita e Ver\u00ebs<\/strong><\/h5>\n\n\n\n<p><strong>Was ist Fli?<\/strong><\/p>\n\n\n\n<p>Fli ist eines der bekanntesten und beliebtesten albanischen Gerichte. Es ist ein einfaches, aber unglaublich schmackhaftes Essen, das aus mehreren d\u00fcnnen Schichten Teig besteht, die langsam im Ofen gebacken und immer wieder mit Butter bestrichen werden.<\/p>\n\n\n\n<p><strong>Herkunft und Bedeutung:<\/strong><br>\u2022 Uraltes Rezept: Fli hat seinen Ursprung in der traditionellen albanischen Bergk\u00fcche. Das Wort selbst bedeutet Opfergabe. Die Fli sieht aus wie eine Sonne und galt als Opfer bzw. Widmung des Sonnengotts in der albanischen Mythologie.<br>\u2022 Symbol f\u00fcr Gemeinschaft: Da die Zubereitung von Fli mehrere Stunden dauert, ist es oft ein Familiengericht, das gemeinsam zubereitet und genossen wird.<br>\u2022 Ein Muss f\u00fcr Feste: Besonders an Feiertagen wie den Dita e Ver\u00ebs oder Hochzeiten darf Fli nicht fehlen.<\/p>\n\n\n\n<p><strong>Wie wird Fli zubereitet?<\/strong><\/p>\n\n\n\n<p><strong>Zutaten:<\/strong><br>\u2022 500 g Mehl (Weizenmehl)<br>\u2022 500 ml Wasser oder Milch<br>\u2022 4 Eier<br>\u2022 1 TL Salz<br>\u2022 Butter oder Schmalz zum Bestreichen<\/p>\n\n\n\n<p><strong>Schritt-f\u00fcr-Schritt-Anleitung:<\/strong><br>1) Mehl, Wasser\/Milch, Eier und Salz zu einem fl\u00fcssigen Teig verr\u00fchren.<br>2) Eine runde Backform (Sa\u00e7) einfetten.<br>3) Eine d\u00fcnne Schicht Teig in die Form geben und backen, bis sie leicht gebr\u00e4unt ist.<br>4) Mit geschmolzener Butter bestreichen.<br>5) Diesen Vorgang Schicht f\u00fcr Schicht wiederholen, bis die gew\u00fcnschte H\u00f6he erreicht ist.<br>6) Fli wird traditionell mit Joghurt, Honig oder Ajvar serviert.<\/p>\n\n\n\n<p><strong>Geheimtipps f\u00fcr perfekte Fli:<\/strong><br>\u2022 Geduld ist der Schl\u00fcssel! Jede Schicht muss langsam und gleichm\u00e4\u00dfig gebacken werden.<br>\u2022 Verwende eine traditionelle Sa\u00e7-Form \u2013 das gibt der Fli den besten Geschmack.<br>\u2022 Fli schmeckt am besten, wenn es \u00fcber Holzkohle gebacken wird \u2013 aber auch im normalen Ofen ist es k\u00f6stlich.<\/p>\n\n\n\n<p><strong>Warum ist die Fli so besonders?<\/strong><\/p>\n\n\n\n<p>\u2022 Ein einfaches, aber raffiniertes Rezept mit tiefen kulturellen Wurzeln.<br>\u2022 Symbolisiert albanische Gastfreundschaft und Gemeinschaft.<br>\u2022 Kann sowohl s\u00fc\u00df als auch herzhaft serviert werden.<\/p>\n\n\n\n<p>Fli ist nicht nur ein Gericht, sondern ein Erlebnis, das in der albanischen Kultur tief verwurzelt ist.<\/p>\n\n\n\n<p><strong>\u2e3b<\/strong><\/p>\n\n\n\n<h5 class=\"wp-block-heading\"><strong>4. Dita e Ver\u00ebs und Fli \u2013 Eine perfekte Kombination<\/strong><\/h5>\n\n\n\n<p><strong>Was macht den Dita e Ver\u00ebs und die Fli zu einer perfekten Kombination?<\/strong><\/p>\n\n\n\n<p>Beide haben eine lange Tradition:<br>\u2022 Der Dita e Ver\u00ebs stammt aus der illyrischen Zeit, genau wie die uralten Kochmethoden, die f\u00fcr die Fli verwendet werden.<\/p>\n\n\n\n<p>Beide bringen Menschen zusammen:<br>\u2022 Fli ist ein Gericht, das oft von der ganzen Familie gemeinsam zubereitet wird.<br>\u2022 Der Dita e Ver\u00ebs wird in der Gemeinschaft gefeiert, oft mit Picknicks im Freien.<\/p>\n\n\n\n<p>Beide symbolisieren Fruchtbarkeit und Neubeginn:<br>\u2022 Dita e Ver\u00ebs markiert den Beginn des Fr\u00fchlings und das Erwachen der Natur.<br>\u2022 Fli, mit seinen Schichten, symbolisiert die Sonne, den Kreislauf des Lebens und den Zusammenhalt der Familie.<\/p>\n\n\n\n<p>Kurz gesagt:<br>Dita e Ver\u00ebs ist kein richtiges Fest ohne Fli, und Fli schmeckt am besten, wenn es an einem sonnigen Fr\u00fchlingstag mit Familie und Freunden genossen wird!<\/p>\n\n\n\n<p><strong>\u2e3b<\/strong><\/p>\n\n\n\n<h5 class=\"wp-block-heading\"><strong>5. Fazit \u2013 Ein Fest der Tradition und des Genusses<\/strong><\/h5>\n\n\n\n<p>Der Dita e Ver\u00ebs ist mehr als nur ein Fr\u00fchlingsfest \u2013 es ist ein Symbol f\u00fcr das kulturelle Erbe Albaniens.<\/p>\n\n\n\n<p>\u2022 Es verbindet Geschichte, Tradition und Freude.<br>\u2022 Es zeigt die Liebe der Albaner zur Natur und zum gemeinschaftlichen Feiern.<br>\u2022 Und mit der Fli als traditionellem Gericht wird es zu einem unvergesslichen Erlebnis.<\/p>\n\n\n\n<p><\/p>\n\n\n<\/p>\n<p><!-- \/wp:post-content --><\/p>\n<p><!-- \/wp:freeform --><\/p>","protected":false},"excerpt":{"rendered":"<p>14.03.2025, Adrian Kuqi, Lesezeit: 7 Minuten Einleitung Der Dita e Ver\u00ebs ist eines der \u00e4ltesten und beliebtesten Feste des albanischen Volkes. Er wird jedes Jahr am 14. M\u00e4rz gefeiert und symbolisiert den Beginn des Fr\u00fchlings, des neuen Lebens und der Erneuerung. Das Fest hat seine Wurzeln in der paganischen Tradition der Illyrer und wird heute [&hellip;]<\/p>\n","protected":false},"author":3,"featured_media":459,"comment_status":"open","ping_status":"open","sticky":false,"template":"","format":"standard","meta":{"_acf_changed":false,"_jetpack_memberships_contains_paid_content":false,"footnotes":""},"categories":[29],"tags":[],"class_list":["post-950","post","type-post","status-publish","format-standard","has-post-thumbnail","hentry","category-featured"],"acf":[],"jetpack_featured_media_url":"https:\/\/albanisch-lernen.com\/wp-content\/uploads\/2025\/04\/2B8FE3EC-904E-4DFF-9957-86F6BC632F37.webp","jetpack_sharing_enabled":true,"_links":{"self":[{"href":"https:\/\/albanisch-lernen.com\/en\/wp-json\/wp\/v2\/posts\/950","targetHints":{"allow":["GET"]}}],"collection":[{"href":"https:\/\/albanisch-lernen.com\/en\/wp-json\/wp\/v2\/posts"}],"about":[{"href":"https:\/\/albanisch-lernen.com\/en\/wp-json\/wp\/v2\/types\/post"}],"author":[{"embeddable":true,"href":"https:\/\/albanisch-lernen.com\/en\/wp-json\/wp\/v2\/users\/3"}],"replies":[{"embeddable":true,"href":"https:\/\/albanisch-lernen.com\/en\/wp-json\/wp\/v2\/comments?post=950"}],"version-history":[{"count":12,"href":"https:\/\/albanisch-lernen.com\/en\/wp-json\/wp\/v2\/posts\/950\/revisions"}],"predecessor-version":[{"id":1453,"href":"https:\/\/albanisch-lernen.com\/en\/wp-json\/wp\/v2\/posts\/950\/revisions\/1453"}],"wp:featuredmedia":[{"embeddable":true,"href":"https:\/\/albanisch-lernen.com\/en\/wp-json\/wp\/v2\/media\/459"}],"wp:attachment":[{"href":"https:\/\/albanisch-lernen.com\/en\/wp-json\/wp\/v2\/media?parent=950"}],"wp:term":[{"taxonomy":"category","embeddable":true,"href":"https:\/\/albanisch-lernen.com\/en\/wp-json\/wp\/v2\/categories?post=950"},{"taxonomy":"post_tag","embeddable":true,"href":"https:\/\/albanisch-lernen.com\/en\/wp-json\/wp\/v2\/tags?post=950"}],"curies":[{"name":"wp","href":"https:\/\/api.w.org\/{rel}","templated":true}]}}